{"id":220,"count":16,"description":"Aj\u00e1nlja fel az \u00e9let var\u00e1zs\u00e1t Bo\u00e8mi\u00e1val\n<em><strong>Term\u00e9szetes, k\u00e9zm\u0171ves \u00e9s organikus aj\u00e1nd\u00e9kok az autentikus, \u00e9rz\u00e9ki kar\u00e1csonyhoz<\/strong><\/em>\n\nFedezze fel a <strong>Bo\u00e8mia kar\u00e1csonyi<\/strong> kollekci\u00f3j\u00e1t, az arom\u00e1s kincsek v\u00e1logat\u00e1s\u00e1t, amelyet arra terveztek, hogy az \u00fcnnepi id\u0151szakot \u00e9desebb\u00e9, term\u00e9szetesebb\u00e9 \u00e9s m\u00e9lyen \u00e9rz\u00e9kletesebb\u00e9 tegye. Minden egyes doboz, ill\u00f3olaj vagy hidroszol az \u00fajrakapcsol\u00f3d\u00e1s pillanatak\u00e9nt lett megtervezve, egy ritu\u00e1l\u00e9, amely arra h\u00edvja \u00d6nt, hogy lass\u00edtson \u00e9s fedezze fel \u00fajra a l\u00e9nyeg\u00e9t. \n\nA franciaorsz\u00e1gi Occitanie r\u00e9gi\u00f3ban alap\u00edtott Bo\u00e8mia n\u00e9h\u00e1ny saj\u00e1t n\u00f6v\u00e9ny\u00e9t olyan <strong>hagyom\u00e1nyos m\u00f3dszerekkel<\/strong> desztill\u00e1lja, amelyek tiszteletben tartj\u00e1k a n\u00f6v\u00e9nyeket \u00e9s meg\u0151rzik esszenci\u00e1juk teljes gazdags\u00e1g\u00e1t. Term\u00e9keink <strong>100%-ban term\u00e9szetesek<\/strong>, <strong>organikusak, nyomon k\u00f6vethet\u0151k a sz\u00e1nt\u00f3f\u00f6ldt\u0151l a palackig, \u00e9s kis t\u00e9telekben k\u00e9sz\u00fclnek, hogy garant\u00e1lj\u00e1k a p\u00e1ratlan min\u0151s\u00e9get.<\/strong>\n\ud83c\udf1f Term\u00e9szetes, kifinomult aj\u00e1nd\u00e9k\u00f6tletek egy tartalmas kar\u00e1csonyhoz\nBo\u00e8mi\u00e1t adni t\u00f6bb mint aj\u00e1nd\u00e9kot adni:\n\u0151szinte gesztust, eleg\u00e1ns gesztust, az \u00e9l\u0151 dolgok sz\u00e9ps\u00e9g\u00e9t megtestes\u00edt\u0151 aj\u00e1nd\u00e9kot jelent. \n\nKar\u00e1csonyi kateg\u00f3ri\u00e1nkban tal\u00e1lsz :\n\n<strong>Kar\u00e1csonyi aj\u00e1nd\u00e9kcsomagok:<\/strong> gondosan \u00e1tgondolt kompoz\u00edci\u00f3k val\u00f3di j\u00f3l\u00e9ti ritu\u00e1l\u00e9k l\u00e9trehoz\u00e1s\u00e1hoz.\n\n<strong>Bio ill\u00f3olajok:<\/strong> tiszta, \u00e9l\u0151 esszenci\u00e1k, hagyom\u00e1nyosan desztill\u00e1lva a nyugalom \u00e9s a relax\u00e1ci\u00f3 pillanatai\u00e9rt*.\n\n<strong>Organikus hidrol\u00e1tok:<\/strong> finom vir\u00e1gvizek, amelyeket hagyom\u00e1nyosan friss illatuk \u00e9s term\u00e9szetes kozmetikai felhaszn\u00e1l\u00e1suk miatt haszn\u00e1lnak*.\n\n<strong>N\u00f6v\u00e9nyi inf\u00fazi\u00f3k:<\/strong> gondosan termesztett \u00e9s sz\u00e1r\u00edtott n\u00f6v\u00e9nyek, amelyek ide\u00e1lisak a melegs\u00e9g \u00e9s a relax\u00e1ci\u00f3 pillanatainak megteremt\u00e9s\u00e9hez.\n\n<strong>Aromater\u00e1pi\u00e1s kieg\u00e9sz\u00edt\u0151k \u00e9s ritu\u00e1l\u00e9k:<\/strong> a mindennapi \u00e9let gyeng\u00e9d, meghitt \u00e9s \u00e9rz\u00e9ki \u00e9lm\u00e9nny\u00e9 alak\u00edt\u00e1sa.\n\n\ud83c\udf3f <em>Aj\u00e1nd\u00e9kok azoknak, akik szeretik a term\u00e9szetet, az egyszer\u0171s\u00e9get, a hiteless\u00e9get \u00e9s a k\u00e9zm\u0171vess\u00e9get.<\/em>\n\ud83c\udf81 Mi\u00e9rt \u00e9rdemes Bo\u00e8mi\u00e1t aj\u00e1nd\u00e9kozni kar\u00e1csonyra? Egy francia, k\u00e9zm\u0171ves \u00e9s elk\u00f6telezett m\u00e1rka\nAz Occitanie r\u00e9gi\u00f3 sz\u00edv\u00e9ben tal\u00e1lhat\u00f3 Bo\u00e8mia saj\u00e1t n\u00f6v\u00e9nyeit termeszti \u00e9s desztill\u00e1lja. Olyan gy\u0171jt\u0151kkel \u00e9s termel\u0151kkel dolgozunk egy\u00fctt, akik osztj\u00e1k \u00e9rt\u00e9keinket: az \u00f6kosziszt\u00e9m\u00e1k tisztelete, a biogazd\u00e1lkod\u00e1s, az \u00e9sszer\u0171 sz\u00fcretel\u00e9s \u00e9s a hagyom\u00e1nyos know-how.\nTan\u00fas\u00edtott \u00f6kol\u00f3giai term\u00e9kek figyelemre m\u00e9lt\u00f3 tisztas\u00e1ggal\nMinden egyes ill\u00f3olaj, hidrol\u00e1tum vagy inf\u00fazi\u00f3 prec\u00edz, k\u00e9zzel v\u00e9gzett, t\u00fcrelmes munka eredm\u00e9nye - olyan munka, amelyben a term\u00e9szet vezet, \u00e9s az emberek k\u00eds\u00e9rnek.\nEgyed\u00fcl\u00e1ll\u00f3 \u00e9rz\u00e9kszervi univerzum\nAlkot\u00e1saink egy t\u00f6rt\u00e9netet mes\u00e9lnek el: a n\u00f6v\u00e9nyek, a f\u00f6ld, a f\u00e9ny \u00e9s az \u00e9l\u0151l\u00e9nyek t\u00f6rt\u00e9net\u00e9t.   A Bo\u00e8mia aj\u00e1nd\u00e9koz\u00e1sa egy illat- \u00e9s \u00e9rzelmi utaz\u00e1st, egy var\u00e1zslatos k\u00f6zj\u00e1t\u00e9kot jelent a t\u00e9l k\u00f6zep\u00e9n.\nEleg\u00e1ns, felel\u0151ss\u00e9gteljes d\u00edszdobozok\nTerm\u00e9szetes er\u0151m\u0171anyagb\u00f3l k\u00e9sz\u00fclt csomagol\u00e1s, fekete nyomtat\u00e1s, gondosan kiv\u00e1lasztott anyagok, amelyek a k\u00f6rnyezetre gyakorolt hat\u00e1s cs\u00f6kkent\u00e9se \u00e9s a pr\u00e9mium eszt\u00e9tika meg\u0151rz\u00e9se mellett is meg\u0151rzik a pr\u00e9mium min\u0151s\u00e9get.\nEgy szel\u00eddebb, tudatosabb \u00fcnnep, k\u00f6zelebb a term\u00e9szethez\nA kar\u00e1csony a megoszt\u00e1s, a melegs\u00e9g \u00e9s a h\u00e1la ideje.\nA Bo\u00e8mi\u00e1val olyan alkot\u00e1sokat aj\u00e1nd\u00e9kozhat, amelyek tiszteletben tartj\u00e1k az \u00e9l\u0151vil\u00e1got, t\u00e1mogatj\u00e1k a helyi k\u00e9zm\u0171vess\u00e9get \u00e9s \u00fcnneplik a n\u00f6v\u00e9nyek egyszer\u0171 sz\u00e9ps\u00e9g\u00e9t.\n\nAk\u00e1r keres :\n\n<strong>term\u00e9szetes aj\u00e1nd\u00e9kdoboz<\/strong>,\n\nk\u00e9zzel k\u00e9sz\u00edtett aj\u00e1nd\u00e9k egy szerettednek,\n\negy <strong>j\u00f3l\u00e9ti aj\u00e1nd\u00e9k\u00f6tlet<\/strong>,\n\nvagy egyszer\u0171en csak az\u00e9rt, hogy valakit boldogg\u00e1 tegyen,\n\n...kar\u00e1csonyi kollekci\u00f3nk \u00fagy lett kital\u00e1lva, hogy \u00e9rtelmet, \u00e9rzelmeket \u00e9s \u00e9dess\u00e9get ny\u00fajtson.\n\u2728 Aj\u00e1nd\u00e9kozzon egy term\u00e9szetesen felejthetetlen kar\u00e1csonyt\nFedezze fel v\u00e1laszt\u00e9kunkat, \u00e9s hagyja, hogy az intu\u00edci\u00f3ja vezesse.\nMinden term\u00e9ket \u00fagy tervezt\u00fcnk, hogy egy pillanatot, egy sz\u00e1nd\u00e9kot, egy gyeng\u00e9d gesztust k\u00eds\u00e9rjen.","link":"https:\/\/www.boemia-aroma.com\/hu\/aruhaz\/karacsonyi-kincsek\/","name":"Kar\u00e1csonyi kincsek","slug":"karacsonyi-kincsek","taxonomy":"product_cat","parent":0,"meta":[],"menu_order":10,"acf":[],"yoast_head":"<!-- This site is optimized with the Yoast SEO plugin v27.4 - https:\/\/yoast.com\/product\/yoast-seo-wordpress\/ -->\n<title>Kar\u00e1csonyi kincsek - Bo\u00e8mia Aroma<\/title>\n<meta name=\"robots\" content=\"index, follow, max-snippet:-1, max-image-preview:large, max-video-preview:-1\" \/>\n<link rel=\"canonical\" href=\"https:\/\/www.boemia-aroma.com\/hu\/aruhaz\/karacsonyi-kincsek\/\" \/>\n<meta property=\"og:locale\" content=\"hu_HU\" \/>\n<meta property=\"og:type\" content=\"article\" \/>\n<meta property=\"og:title\" content=\"Kar\u00e1csonyi kincsek - Bo\u00e8mia Aroma\" \/>\n<meta property=\"og:description\" content=\"Aj\u00e1nlja fel az \u00e9let var\u00e1zs\u00e1t Bo\u00e8mi\u00e1val Term\u00e9szetes, k\u00e9zm\u0171ves \u00e9s organikus aj\u00e1nd\u00e9kok az autentikus, \u00e9rz\u00e9ki kar\u00e1csonyhoz Fedezze fel a Bo\u00e8mia kar\u00e1csonyi kollekci\u00f3j\u00e1t, az arom\u00e1s kincsek v\u00e1logat\u00e1s\u00e1t, amelyet arra terveztek, hogy az \u00fcnnepi id\u0151szakot \u00e9desebb\u00e9, term\u00e9szetesebb\u00e9 \u00e9s m\u00e9lyen \u00e9rz\u00e9kletesebb\u00e9 tegye. Minden egyes doboz, ill\u00f3olaj vagy hidroszol az \u00fajrakapcsol\u00f3d\u00e1s pillanatak\u00e9nt lett megtervezve, egy ritu\u00e1l\u00e9, amely arra h\u00edvja \u00d6nt, hogy lass\u00edtson \u00e9s fedezze fel \u00fajra a l\u00e9nyeg\u00e9t. A franciaorsz\u00e1gi Occitanie r\u00e9gi\u00f3ban alap\u00edtott Bo\u00e8mia n\u00e9h\u00e1ny saj\u00e1t n\u00f6v\u00e9ny\u00e9t olyan hagyom\u00e1nyos m\u00f3dszerekkel desztill\u00e1lja, amelyek tiszteletben tartj\u00e1k a n\u00f6v\u00e9nyeket \u00e9s meg\u0151rzik esszenci\u00e1juk teljes gazdags\u00e1g\u00e1t. Term\u00e9keink 100%-ban term\u00e9szetesek, organikusak, nyomon k\u00f6vethet\u0151k a sz\u00e1nt\u00f3f\u00f6ldt\u0151l a palackig, \u00e9s kis t\u00e9telekben k\u00e9sz\u00fclnek, hogy garant\u00e1lj\u00e1k a p\u00e1ratlan min\u0151s\u00e9get. \ud83c\udf1f Term\u00e9szetes, kifinomult aj\u00e1nd\u00e9k\u00f6tletek egy tartalmas kar\u00e1csonyhoz Bo\u00e8mi\u00e1t adni t\u00f6bb mint aj\u00e1nd\u00e9kot adni: \u0151szinte gesztust, eleg\u00e1ns gesztust, az \u00e9l\u0151 dolgok sz\u00e9ps\u00e9g\u00e9t megtestes\u00edt\u0151 aj\u00e1nd\u00e9kot jelent. Kar\u00e1csonyi kateg\u00f3ri\u00e1nkban tal\u00e1lsz : Kar\u00e1csonyi aj\u00e1nd\u00e9kcsomagok: gondosan \u00e1tgondolt kompoz\u00edci\u00f3k val\u00f3di j\u00f3l\u00e9ti ritu\u00e1l\u00e9k l\u00e9trehoz\u00e1s\u00e1hoz. Bio ill\u00f3olajok: tiszta, \u00e9l\u0151 esszenci\u00e1k, hagyom\u00e1nyosan desztill\u00e1lva a nyugalom \u00e9s a relax\u00e1ci\u00f3 pillanatai\u00e9rt*. Organikus hidrol\u00e1tok: finom vir\u00e1gvizek, amelyeket hagyom\u00e1nyosan friss illatuk \u00e9s term\u00e9szetes kozmetikai felhaszn\u00e1l\u00e1suk miatt haszn\u00e1lnak*. N\u00f6v\u00e9nyi inf\u00fazi\u00f3k: gondosan termesztett \u00e9s sz\u00e1r\u00edtott n\u00f6v\u00e9nyek, amelyek ide\u00e1lisak a melegs\u00e9g \u00e9s a relax\u00e1ci\u00f3 pillanatainak megteremt\u00e9s\u00e9hez. Aromater\u00e1pi\u00e1s kieg\u00e9sz\u00edt\u0151k \u00e9s ritu\u00e1l\u00e9k: a mindennapi \u00e9let gyeng\u00e9d, meghitt \u00e9s \u00e9rz\u00e9ki \u00e9lm\u00e9nny\u00e9 alak\u00edt\u00e1sa. \ud83c\udf3f Aj\u00e1nd\u00e9kok azoknak, akik szeretik a term\u00e9szetet, az egyszer\u0171s\u00e9get, a hiteless\u00e9get \u00e9s a k\u00e9zm\u0171vess\u00e9get. \ud83c\udf81 Mi\u00e9rt \u00e9rdemes Bo\u00e8mi\u00e1t aj\u00e1nd\u00e9kozni kar\u00e1csonyra? Egy francia, k\u00e9zm\u0171ves \u00e9s elk\u00f6telezett m\u00e1rka Az Occitanie r\u00e9gi\u00f3 sz\u00edv\u00e9ben tal\u00e1lhat\u00f3 Bo\u00e8mia saj\u00e1t n\u00f6v\u00e9nyeit termeszti \u00e9s desztill\u00e1lja. Olyan gy\u0171jt\u0151kkel \u00e9s termel\u0151kkel dolgozunk egy\u00fctt, akik osztj\u00e1k \u00e9rt\u00e9keinket: az \u00f6kosziszt\u00e9m\u00e1k tisztelete, a biogazd\u00e1lkod\u00e1s, az \u00e9sszer\u0171 sz\u00fcretel\u00e9s \u00e9s a hagyom\u00e1nyos know-how. Tan\u00fas\u00edtott \u00f6kol\u00f3giai term\u00e9kek figyelemre m\u00e9lt\u00f3 tisztas\u00e1ggal Minden egyes ill\u00f3olaj, hidrol\u00e1tum vagy inf\u00fazi\u00f3 prec\u00edz, k\u00e9zzel v\u00e9gzett, t\u00fcrelmes munka eredm\u00e9nye &#8211; olyan munka, amelyben a term\u00e9szet vezet, \u00e9s az emberek k\u00eds\u00e9rnek. Egyed\u00fcl\u00e1ll\u00f3 \u00e9rz\u00e9kszervi univerzum Alkot\u00e1saink egy t\u00f6rt\u00e9netet mes\u00e9lnek el: a n\u00f6v\u00e9nyek, a f\u00f6ld, a f\u00e9ny \u00e9s az \u00e9l\u0151l\u00e9nyek t\u00f6rt\u00e9net\u00e9t.  A Bo\u00e8mia aj\u00e1nd\u00e9koz\u00e1sa egy illat- \u00e9s \u00e9rzelmi utaz\u00e1st, egy var\u00e1zslatos k\u00f6zj\u00e1t\u00e9kot jelent a t\u00e9l k\u00f6zep\u00e9n. Eleg\u00e1ns, felel\u0151ss\u00e9gteljes d\u00edszdobozok Term\u00e9szetes er\u0151m\u0171anyagb\u00f3l k\u00e9sz\u00fclt csomagol\u00e1s, fekete nyomtat\u00e1s, gondosan kiv\u00e1lasztott anyagok, amelyek a k\u00f6rnyezetre gyakorolt hat\u00e1s cs\u00f6kkent\u00e9se \u00e9s a pr\u00e9mium eszt\u00e9tika meg\u0151rz\u00e9se mellett is meg\u0151rzik a pr\u00e9mium min\u0151s\u00e9get. Egy szel\u00eddebb, tudatosabb \u00fcnnep, k\u00f6zelebb a term\u00e9szethez A kar\u00e1csony a megoszt\u00e1s, a melegs\u00e9g \u00e9s a h\u00e1la ideje. A Bo\u00e8mi\u00e1val olyan alkot\u00e1sokat aj\u00e1nd\u00e9kozhat, amelyek tiszteletben tartj\u00e1k az \u00e9l\u0151vil\u00e1got, t\u00e1mogatj\u00e1k a helyi k\u00e9zm\u0171vess\u00e9get \u00e9s \u00fcnneplik a n\u00f6v\u00e9nyek egyszer\u0171 sz\u00e9ps\u00e9g\u00e9t. Ak\u00e1r keres : term\u00e9szetes aj\u00e1nd\u00e9kdoboz, k\u00e9zzel k\u00e9sz\u00edtett aj\u00e1nd\u00e9k egy szerettednek, egy j\u00f3l\u00e9ti aj\u00e1nd\u00e9k\u00f6tlet, vagy egyszer\u0171en csak az\u00e9rt, hogy valakit boldogg\u00e1 tegyen, &#8230;kar\u00e1csonyi kollekci\u00f3nk \u00fagy lett kital\u00e1lva, hogy \u00e9rtelmet, \u00e9rzelmeket \u00e9s \u00e9dess\u00e9get ny\u00fajtson. \u2728 Aj\u00e1nd\u00e9kozzon egy term\u00e9szetesen felejthetetlen kar\u00e1csonyt Fedezze fel v\u00e1laszt\u00e9kunkat, \u00e9s hagyja, hogy az intu\u00edci\u00f3ja vezesse. Minden term\u00e9ket \u00fagy tervezt\u00fcnk, hogy egy pillanatot, egy sz\u00e1nd\u00e9kot, egy gyeng\u00e9d gesztust k\u00eds\u00e9rjen.\" \/>\n<meta property=\"og:url\" content=\"https:\/\/www.boemia-aroma.com\/hu\/aruhaz\/karacsonyi-kincsek\/\" \/>\n<meta property=\"og:site_name\" content=\"Bo\u00e8mia Aroma\" \/>\n<meta name=\"twitter:card\" content=\"summary_large_image\" \/>\n<script type=\"application\/ld+json\" class=\"yoast-schema-graph\">{\"@context\":\"https:\\\/\\\/schema.org\",\"@graph\":[{\"@type\":\"CollectionPage\",\"@id\":\"https:\\\/\\\/www.boemia-aroma.com\\\/hu\\\/aruhaz\\\/karacsonyi-kincsek\\\/\",\"url\":\"https:\\\/\\\/www.boemia-aroma.com\\\/hu\\\/aruhaz\\\/karacsonyi-kincsek\\\/\",\"name\":\"Kar\u00e1csonyi kincsek - Bo\u00e8mia Aroma\",\"isPartOf\":{\"@id\":\"https:\\\/\\\/www.boemia-aroma.com\\\/hu\\\/#website\"},\"breadcrumb\":{\"@id\":\"https:\\\/\\\/www.boemia-aroma.com\\\/hu\\\/aruhaz\\\/karacsonyi-kincsek\\\/#breadcrumb\"},\"inLanguage\":\"hu\"},{\"@type\":\"BreadcrumbList\",\"@id\":\"https:\\\/\\\/www.boemia-aroma.com\\\/hu\\\/aruhaz\\\/karacsonyi-kincsek\\\/#breadcrumb\",\"itemListElement\":[{\"@type\":\"ListItem\",\"position\":1,\"name\":\"Kezd\u0151lap\",\"item\":\"https:\\\/\\\/www.boemia-aroma.com\\\/hu\\\/\"},{\"@type\":\"ListItem\",\"position\":2,\"name\":\"Kar\u00e1csonyi kincsek\"}]},{\"@type\":\"WebSite\",\"@id\":\"https:\\\/\\\/www.boemia-aroma.com\\\/hu\\\/#website\",\"url\":\"https:\\\/\\\/www.boemia-aroma.com\\\/hu\\\/\",\"name\":\"Bo\u00e8mia Aroma\",\"description\":\"\",\"publisher\":{\"@id\":\"https:\\\/\\\/www.boemia-aroma.com\\\/hu\\\/#organization\"},\"alternateName\":\"Bo\u00e8mia Aroma\",\"potentialAction\":[{\"@type\":\"SearchAction\",\"target\":{\"@type\":\"EntryPoint\",\"urlTemplate\":\"https:\\\/\\\/www.boemia-aroma.com\\\/hu\\\/?s={search_term_string}\"},\"query-input\":{\"@type\":\"PropertyValueSpecification\",\"valueRequired\":true,\"valueName\":\"search_term_string\"}}],\"inLanguage\":\"hu\"},{\"@type\":\"Organization\",\"@id\":\"https:\\\/\\\/www.boemia-aroma.com\\\/hu\\\/#organization\",\"name\":\"Bo\u00e8mia Aroma\",\"url\":\"https:\\\/\\\/www.boemia-aroma.com\\\/hu\\\/\",\"logo\":{\"@type\":\"ImageObject\",\"inLanguage\":\"hu\",\"@id\":\"https:\\\/\\\/www.boemia-aroma.com\\\/hu\\\/#\\\/schema\\\/logo\\\/image\\\/\",\"url\":\"https:\\\/\\\/www.boemia-aroma.com\\\/wp-content\\\/uploads\\\/2023\\\/07\\\/logo-boemia-aroma.png\",\"contentUrl\":\"https:\\\/\\\/www.boemia-aroma.com\\\/wp-content\\\/uploads\\\/2023\\\/07\\\/logo-boemia-aroma.png\",\"width\":300,\"height\":176,\"caption\":\"Bo\u00e8mia Aroma\"},\"image\":{\"@id\":\"https:\\\/\\\/www.boemia-aroma.com\\\/hu\\\/#\\\/schema\\\/logo\\\/image\\\/\"}}]}<\/script>\n<!-- \/ Yoast SEO plugin. -->","yoast_head_json":{"title":"Kar\u00e1csonyi kincsek - Bo\u00e8mia Aroma","robots":{"index":"index","follow":"follow","max-snippet":"max-snippet:-1","max-image-preview":"max-image-preview:large","max-video-preview":"max-video-preview:-1"},"canonical":"https:\/\/www.boemia-aroma.com\/hu\/aruhaz\/karacsonyi-kincsek\/","og_locale":"hu_HU","og_type":"article","og_title":"Kar\u00e1csonyi kincsek - Bo\u00e8mia Aroma","og_description":"Aj\u00e1nlja fel az \u00e9let var\u00e1zs\u00e1t Bo\u00e8mi\u00e1val Term\u00e9szetes, k\u00e9zm\u0171ves \u00e9s organikus aj\u00e1nd\u00e9kok az autentikus, \u00e9rz\u00e9ki kar\u00e1csonyhoz Fedezze fel a Bo\u00e8mia kar\u00e1csonyi kollekci\u00f3j\u00e1t, az arom\u00e1s kincsek v\u00e1logat\u00e1s\u00e1t, amelyet arra terveztek, hogy az \u00fcnnepi id\u0151szakot \u00e9desebb\u00e9, term\u00e9szetesebb\u00e9 \u00e9s m\u00e9lyen \u00e9rz\u00e9kletesebb\u00e9 tegye. Minden egyes doboz, ill\u00f3olaj vagy hidroszol az \u00fajrakapcsol\u00f3d\u00e1s pillanatak\u00e9nt lett megtervezve, egy ritu\u00e1l\u00e9, amely arra h\u00edvja \u00d6nt, hogy lass\u00edtson \u00e9s fedezze fel \u00fajra a l\u00e9nyeg\u00e9t. A franciaorsz\u00e1gi Occitanie r\u00e9gi\u00f3ban alap\u00edtott Bo\u00e8mia n\u00e9h\u00e1ny saj\u00e1t n\u00f6v\u00e9ny\u00e9t olyan hagyom\u00e1nyos m\u00f3dszerekkel desztill\u00e1lja, amelyek tiszteletben tartj\u00e1k a n\u00f6v\u00e9nyeket \u00e9s meg\u0151rzik esszenci\u00e1juk teljes gazdags\u00e1g\u00e1t. Term\u00e9keink 100%-ban term\u00e9szetesek, organikusak, nyomon k\u00f6vethet\u0151k a sz\u00e1nt\u00f3f\u00f6ldt\u0151l a palackig, \u00e9s kis t\u00e9telekben k\u00e9sz\u00fclnek, hogy garant\u00e1lj\u00e1k a p\u00e1ratlan min\u0151s\u00e9get. \ud83c\udf1f Term\u00e9szetes, kifinomult aj\u00e1nd\u00e9k\u00f6tletek egy tartalmas kar\u00e1csonyhoz Bo\u00e8mi\u00e1t adni t\u00f6bb mint aj\u00e1nd\u00e9kot adni: \u0151szinte gesztust, eleg\u00e1ns gesztust, az \u00e9l\u0151 dolgok sz\u00e9ps\u00e9g\u00e9t megtestes\u00edt\u0151 aj\u00e1nd\u00e9kot jelent. Kar\u00e1csonyi kateg\u00f3ri\u00e1nkban tal\u00e1lsz : Kar\u00e1csonyi aj\u00e1nd\u00e9kcsomagok: gondosan \u00e1tgondolt kompoz\u00edci\u00f3k val\u00f3di j\u00f3l\u00e9ti ritu\u00e1l\u00e9k l\u00e9trehoz\u00e1s\u00e1hoz. Bio ill\u00f3olajok: tiszta, \u00e9l\u0151 esszenci\u00e1k, hagyom\u00e1nyosan desztill\u00e1lva a nyugalom \u00e9s a relax\u00e1ci\u00f3 pillanatai\u00e9rt*. Organikus hidrol\u00e1tok: finom vir\u00e1gvizek, amelyeket hagyom\u00e1nyosan friss illatuk \u00e9s term\u00e9szetes kozmetikai felhaszn\u00e1l\u00e1suk miatt haszn\u00e1lnak*. N\u00f6v\u00e9nyi inf\u00fazi\u00f3k: gondosan termesztett \u00e9s sz\u00e1r\u00edtott n\u00f6v\u00e9nyek, amelyek ide\u00e1lisak a melegs\u00e9g \u00e9s a relax\u00e1ci\u00f3 pillanatainak megteremt\u00e9s\u00e9hez. Aromater\u00e1pi\u00e1s kieg\u00e9sz\u00edt\u0151k \u00e9s ritu\u00e1l\u00e9k: a mindennapi \u00e9let gyeng\u00e9d, meghitt \u00e9s \u00e9rz\u00e9ki \u00e9lm\u00e9nny\u00e9 alak\u00edt\u00e1sa. \ud83c\udf3f Aj\u00e1nd\u00e9kok azoknak, akik szeretik a term\u00e9szetet, az egyszer\u0171s\u00e9get, a hiteless\u00e9get \u00e9s a k\u00e9zm\u0171vess\u00e9get. \ud83c\udf81 Mi\u00e9rt \u00e9rdemes Bo\u00e8mi\u00e1t aj\u00e1nd\u00e9kozni kar\u00e1csonyra? Egy francia, k\u00e9zm\u0171ves \u00e9s elk\u00f6telezett m\u00e1rka Az Occitanie r\u00e9gi\u00f3 sz\u00edv\u00e9ben tal\u00e1lhat\u00f3 Bo\u00e8mia saj\u00e1t n\u00f6v\u00e9nyeit termeszti \u00e9s desztill\u00e1lja. Olyan gy\u0171jt\u0151kkel \u00e9s termel\u0151kkel dolgozunk egy\u00fctt, akik osztj\u00e1k \u00e9rt\u00e9keinket: az \u00f6kosziszt\u00e9m\u00e1k tisztelete, a biogazd\u00e1lkod\u00e1s, az \u00e9sszer\u0171 sz\u00fcretel\u00e9s \u00e9s a hagyom\u00e1nyos know-how. Tan\u00fas\u00edtott \u00f6kol\u00f3giai term\u00e9kek figyelemre m\u00e9lt\u00f3 tisztas\u00e1ggal Minden egyes ill\u00f3olaj, hidrol\u00e1tum vagy inf\u00fazi\u00f3 prec\u00edz, k\u00e9zzel v\u00e9gzett, t\u00fcrelmes munka eredm\u00e9nye &#8211; olyan munka, amelyben a term\u00e9szet vezet, \u00e9s az emberek k\u00eds\u00e9rnek. Egyed\u00fcl\u00e1ll\u00f3 \u00e9rz\u00e9kszervi univerzum Alkot\u00e1saink egy t\u00f6rt\u00e9netet mes\u00e9lnek el: a n\u00f6v\u00e9nyek, a f\u00f6ld, a f\u00e9ny \u00e9s az \u00e9l\u0151l\u00e9nyek t\u00f6rt\u00e9net\u00e9t.  A Bo\u00e8mia aj\u00e1nd\u00e9koz\u00e1sa egy illat- \u00e9s \u00e9rzelmi utaz\u00e1st, egy var\u00e1zslatos k\u00f6zj\u00e1t\u00e9kot jelent a t\u00e9l k\u00f6zep\u00e9n. Eleg\u00e1ns, felel\u0151ss\u00e9gteljes d\u00edszdobozok Term\u00e9szetes er\u0151m\u0171anyagb\u00f3l k\u00e9sz\u00fclt csomagol\u00e1s, fekete nyomtat\u00e1s, gondosan kiv\u00e1lasztott anyagok, amelyek a k\u00f6rnyezetre gyakorolt hat\u00e1s cs\u00f6kkent\u00e9se \u00e9s a pr\u00e9mium eszt\u00e9tika meg\u0151rz\u00e9se mellett is meg\u0151rzik a pr\u00e9mium min\u0151s\u00e9get. Egy szel\u00eddebb, tudatosabb \u00fcnnep, k\u00f6zelebb a term\u00e9szethez A kar\u00e1csony a megoszt\u00e1s, a melegs\u00e9g \u00e9s a h\u00e1la ideje. A Bo\u00e8mi\u00e1val olyan alkot\u00e1sokat aj\u00e1nd\u00e9kozhat, amelyek tiszteletben tartj\u00e1k az \u00e9l\u0151vil\u00e1got, t\u00e1mogatj\u00e1k a helyi k\u00e9zm\u0171vess\u00e9get \u00e9s \u00fcnneplik a n\u00f6v\u00e9nyek egyszer\u0171 sz\u00e9ps\u00e9g\u00e9t. Ak\u00e1r keres : term\u00e9szetes aj\u00e1nd\u00e9kdoboz, k\u00e9zzel k\u00e9sz\u00edtett aj\u00e1nd\u00e9k egy szerettednek, egy j\u00f3l\u00e9ti aj\u00e1nd\u00e9k\u00f6tlet, vagy egyszer\u0171en csak az\u00e9rt, hogy valakit boldogg\u00e1 tegyen, &#8230;kar\u00e1csonyi kollekci\u00f3nk \u00fagy lett kital\u00e1lva, hogy \u00e9rtelmet, \u00e9rzelmeket \u00e9s \u00e9dess\u00e9get ny\u00fajtson. \u2728 Aj\u00e1nd\u00e9kozzon egy term\u00e9szetesen felejthetetlen kar\u00e1csonyt Fedezze fel v\u00e1laszt\u00e9kunkat, \u00e9s hagyja, hogy az intu\u00edci\u00f3ja vezesse. Minden term\u00e9ket \u00fagy tervezt\u00fcnk, hogy egy pillanatot, egy sz\u00e1nd\u00e9kot, egy gyeng\u00e9d gesztust k\u00eds\u00e9rjen.","og_url":"https:\/\/www.boemia-aroma.com\/hu\/aruhaz\/karacsonyi-kincsek\/","og_site_name":"Bo\u00e8mia Aroma","twitter_card":"summary_large_image","schema":{"@context":"https:\/\/schema.org","@graph":[{"@type":"CollectionPage","@id":"https:\/\/www.boemia-aroma.com\/hu\/aruhaz\/karacsonyi-kincsek\/","url":"https:\/\/www.boemia-aroma.com\/hu\/aruhaz\/karacsonyi-kincsek\/","name":"Kar\u00e1csonyi kincsek - Bo\u00e8mia Aroma","isPartOf":{"@id":"https:\/\/www.boemia-aroma.com\/hu\/#website"},"breadcrumb":{"@id":"https:\/\/www.boemia-aroma.com\/hu\/aruhaz\/karacsonyi-kincsek\/#breadcrumb"},"inLanguage":"hu"},{"@type":"BreadcrumbList","@id":"https:\/\/www.boemia-aroma.com\/hu\/aruhaz\/karacsonyi-kincsek\/#breadcrumb","itemListElement":[{"@type":"ListItem","position":1,"name":"Kezd\u0151lap","item":"https:\/\/www.boemia-aroma.com\/hu\/"},{"@type":"ListItem","position":2,"name":"Kar\u00e1csonyi kincsek"}]},{"@type":"WebSite","@id":"https:\/\/www.boemia-aroma.com\/hu\/#website","url":"https:\/\/www.boemia-aroma.com\/hu\/","name":"Bo\u00e8mia Aroma","description":"","publisher":{"@id":"https:\/\/www.boemia-aroma.com\/hu\/#organization"},"alternateName":"Bo\u00e8mia Aroma","potentialAction":[{"@type":"SearchAction","target":{"@type":"EntryPoint","urlTemplate":"https:\/\/www.boemia-aroma.com\/hu\/?s={search_term_string}"},"query-input":{"@type":"PropertyValueSpecification","valueRequired":true,"valueName":"search_term_string"}}],"inLanguage":"hu"},{"@type":"Organization","@id":"https:\/\/www.boemia-aroma.com\/hu\/#organization","name":"Bo\u00e8mia Aroma","url":"https:\/\/www.boemia-aroma.com\/hu\/","logo":{"@type":"ImageObject","inLanguage":"hu","@id":"https:\/\/www.boemia-aroma.com\/hu\/#\/schema\/logo\/image\/","url":"https:\/\/www.boemia-aroma.com\/wp-content\/uploads\/2023\/07\/logo-boemia-aroma.png","contentUrl":"https:\/\/www.boemia-aroma.com\/wp-content\/uploads\/2023\/07\/logo-boemia-aroma.png","width":300,"height":176,"caption":"Bo\u00e8mia Aroma"},"image":{"@id":"https:\/\/www.boemia-aroma.com\/hu\/#\/schema\/logo\/image\/"}}]}},"cat_url":"https:\/\/www.boemia-aroma.com\/hu\/aruhaz\/karacsonyi-kincsek\/","_links":{"self":[{"href":"https:\/\/www.boemia-aroma.com\/hu\/wp-json\/wp\/v2\/product_cat\/220","targetHints":{"allow":["GET"]}}],"collection":[{"href":"https:\/\/www.boemia-aroma.com\/hu\/wp-json\/wp\/v2\/product_cat"}],"about":[{"href":"https:\/\/www.boemia-aroma.com\/hu\/wp-json\/wp\/v2\/taxonomies\/product_cat"}],"wp:post_type":[{"href":"https:\/\/www.boemia-aroma.com\/hu\/wp-json\/wp\/v2\/product?product_cat=220"}],"curies":[{"name":"wp","href":"https:\/\/api.w.org\/{rel}","templated":true}]}}