{"id":19861,"date":"2025-08-08T11:27:07","date_gmt":"2025-08-08T09:27:07","guid":{"rendered":"https:\/\/www.boemia-aroma.com\/what-to-do-today-in-the-aude-6-unforgettable-ideas-around-the-val-de-dagne\/"},"modified":"2025-11-07T13:41:14","modified_gmt":"2025-11-07T12:41:14","slug":"what-to-do-today-in-the-aude-6-unforgettable-ideas-around-the-val-de-dagne","status":"publish","type":"post","link":"https:\/\/www.boemia-aroma.com\/en\/what-to-do-today-in-the-aude-6-unforgettable-ideas-around-the-val-de-dagne\/","title":{"rendered":"What to do today in the Aude? 6 unforgettable ideas around the Val de Dagne"},"content":{"rendered":"\t\t<div data-elementor-type=\"wp-post\" data-elementor-id=\"19861\" class=\"elementor elementor-19861 elementor-17999\" data-elementor-post-type=\"post\">\n\t\t\t\t\t\t<section class=\"elementor-section elementor-top-section elementor-element elementor-element-e7da2ed elementor-section-boxed elementor-section-height-default elementor-section-height-default\" data-id=\"e7da2ed\" data-element_type=\"section\" data-e-type=\"section\">\n\t\t\t\t\t\t<div class=\"elementor-container elementor-column-gap-wider\">\n\t\t\t\t\t<div class=\"elementor-column elementor-col-100 elementor-top-column elementor-element elementor-element-5e6c5e7\" data-id=\"5e6c5e7\" data-element_type=\"column\" data-e-type=\"column\">\n\t\t\t<div class=\"elementor-widget-wrap elementor-element-populated\">\n\t\t\t\t\t\t<div class=\"elementor-element elementor-element-852a8c7 elementor-widget elementor-widget-text-editor\" data-id=\"852a8c7\" data-element_type=\"widget\" data-e-type=\"widget\" data-widget_type=\"text-editor.default\">\n\t\t\t\t<div class=\"elementor-widget-container\">\n\t\t\t\t\t\t\t\t\t<p><strong>What to do today in Aude<\/strong>? Would you like to go sightseeing or take the family out? Have you already visited the Ch\u00e2teau Comtal at the Cit\u00e9 de Carcassonne, the Canal du Midi, the African Reserve, Rennes le Ch\u00e2teau and Montolieu? If so, the best option is to get off the beaten track and discover an area that&#8217;s almost secret, but well known to the locals.   <br><br>If you&#8217;re looking for a new idea for a day out, or <strong>a variety of activities<\/strong> in the department between Carcassonne, Perpignan and Narbonne, close to the sea, look no further than <strong>the Val de Dagne<\/strong>!  <\/p>\t\t\t\t\t\t\t\t<\/div>\n\t\t\t\t<\/div>\n\t\t\t\t<div class=\"elementor-element elementor-element-1c3b71e elementor-widget-divider--view-line elementor-widget elementor-widget-divider\" data-id=\"1c3b71e\" data-element_type=\"widget\" data-e-type=\"widget\" data-widget_type=\"divider.default\">\n\t\t\t\t<div class=\"elementor-widget-container\">\n\t\t\t\t\t\t\t<div class=\"elementor-divider\">\n\t\t\t<span class=\"elementor-divider-separator\">\n\t\t\t\t\t\t<\/span>\n\t\t<\/div>\n\t\t\t\t\t\t<\/div>\n\t\t\t\t<\/div>\n\t\t\t\t<div class=\"elementor-element elementor-element-38e969c elementor-widget elementor-widget-heading\" data-id=\"38e969c\" data-element_type=\"widget\" data-e-type=\"widget\" data-widget_type=\"heading.default\">\n\t\t\t\t<div class=\"elementor-widget-container\">\n\t\t\t\t\t<h2 class=\"elementor-heading-title elementor-size-default\">\ud83c\udf38 1. Participate in Julien Martre's Workshops - Bo\u00e8mia   \n<\/h2>\t\t\t\t<\/div>\n\t\t\t\t<\/div>\n\t\t\t\t<div class=\"elementor-element elementor-element-ea31b88 elementor-widget elementor-widget-text-editor\" data-id=\"ea31b88\" data-element_type=\"widget\" data-e-type=\"widget\" data-widget_type=\"text-editor.default\">\n\t\t\t\t<div class=\"elementor-widget-container\">\n\t\t\t\t\t\t\t\t\t<p>Start your day at the heart of plants and life with an immersion in the sensitive and inspiring world of Bo\u00e8mia. During this unusual tour led by Julien, you&#8217;ll learn how to recognize, pick and transform the <strong>medicinal plants<\/strong> of the Val de Dagne, with total respect for nature.   <\/p><p>This workshop combines <strong>transmission<\/strong>, love of plants, discovery and <strong>aromatherapy<\/strong>. It&#8217;s also an opportunity to ask questions about the <strong>traditional uses of medicinal plants<\/strong>, discover forgotten techniques and reconnect body and mind with nature. All in an enchanting setting, just a stone&#8217;s throw from the most beautiful landscapes in the Aude. Get out your diary and reserve your workshop date in the available slots.   <\/p><ul><li><p><span style=\"text-decoration: underline;\"><a href=\"https:\/\/www.boemia-aroma.com\/boutique-boemia\/ateliers-aromatherapie\/atelier-decouverte-plantes-sauvages-aude\/\" target=\"_blank\" rel=\"noopener\">Discover the wild plants workshop  <\/a><\/span><\/p><\/li><li><p><span style=\"text-decoration: underline;\"><a href=\"https:\/\/www.boemia-aroma.com\/boutique-boemia\/ateliers-aromatherapie\/devenez-distillateur-le-temps-dune-journee-chez-boemia\/\" target=\"_blank\" rel=\"noopener\">Discover Bo\u00e8mia&#8217;s one-day distillery workshop<\/a><\/span><\/p><\/li><\/ul>\t\t\t\t\t\t\t\t<\/div>\n\t\t\t\t<\/div>\n\t\t\t\t<div class=\"elementor-element elementor-element-d47465f elementor-widget-divider--view-line elementor-widget elementor-widget-divider\" data-id=\"d47465f\" data-element_type=\"widget\" data-e-type=\"widget\" data-widget_type=\"divider.default\">\n\t\t\t\t<div class=\"elementor-widget-container\">\n\t\t\t\t\t\t\t<div class=\"elementor-divider\">\n\t\t\t<span class=\"elementor-divider-separator\">\n\t\t\t\t\t\t<\/span>\n\t\t<\/div>\n\t\t\t\t\t\t<\/div>\n\t\t\t\t<\/div>\n\t\t\t\t<div class=\"elementor-element elementor-element-fca4410 elementor-widget elementor-widget-heading\" data-id=\"fca4410\" data-element_type=\"widget\" data-e-type=\"widget\" data-widget_type=\"heading.default\">\n\t\t\t\t<div class=\"elementor-widget-container\">\n\t\t\t\t\t<h2 class=\"elementor-heading-title elementor-size-default\">\ud83c\udfdb\ufe0f 2. Explore Lagrasse Abbey, a listed medieval gem <\/h2>\t\t\t\t<\/div>\n\t\t\t\t<\/div>\n\t\t\t\t<div class=\"elementor-element elementor-element-6e10e5a elementor-widget elementor-widget-text-editor\" data-id=\"6e10e5a\" data-element_type=\"widget\" data-e-type=\"widget\" data-widget_type=\"text-editor.default\">\n\t\t\t\t<div class=\"elementor-widget-container\">\n\t\t\t\t\t\t\t\t\t<p>Continue with a dose of history and beauty at the Abbaye de Lagrasse, a jewel of Benedictine architecture nestled in the heart of the valley. Listed as one of France&#8217;s most beautiful villages, Lagrasse is as much a must-see in the Aude department as the <strong>city of Carcassonne<\/strong>. With its ancient stones, peaceful cloister, temporary exhibitions and guided tours, the abbey invites you to step back in time. The site also hosts numerous cultural events throughout the year, including concerts, farmers&#8217; markets and craft workshops. A true concentrate of heritage and spiritual energy.    <\/p><p><span style=\"text-decoration: underline;\"><a href=\"https:\/\/www.abbayedelagrasse.fr\/\" target=\"_blank\" rel=\"noopener\"><strong>Read more<\/strong><\/a><\/span><\/p>\t\t\t\t\t\t\t\t<\/div>\n\t\t\t\t<\/div>\n\t\t\t\t<div class=\"elementor-element elementor-element-3fcbe85 elementor-widget-divider--view-line elementor-widget elementor-widget-divider\" data-id=\"3fcbe85\" data-element_type=\"widget\" data-e-type=\"widget\" data-widget_type=\"divider.default\">\n\t\t\t\t<div class=\"elementor-widget-container\">\n\t\t\t\t\t\t\t<div class=\"elementor-divider\">\n\t\t\t<span class=\"elementor-divider-separator\">\n\t\t\t\t\t\t<\/span>\n\t\t<\/div>\n\t\t\t\t\t\t<\/div>\n\t\t\t\t<\/div>\n\t\t\t\t<div class=\"elementor-element elementor-element-8eba188 elementor-widget elementor-widget-heading\" data-id=\"8eba188\" data-element_type=\"widget\" data-e-type=\"widget\" data-widget_type=\"heading.default\">\n\t\t\t\t<div class=\"elementor-widget-container\">\n\t\t\t\t\t<h2 class=\"elementor-heading-title elementor-size-default\">\ud83c\udf7d\ufe0f 3. Eat at Aur\u00e9lien's restaurant in Val de Dagne <\/h2>\t\t\t\t<\/div>\n\t\t\t\t<\/div>\n\t\t\t\t<div class=\"elementor-element elementor-element-6816d50 elementor-widget elementor-widget-text-editor\" data-id=\"6816d50\" data-element_type=\"widget\" data-e-type=\"widget\" data-widget_type=\"text-editor.default\">\n\t\t\t\t<div class=\"elementor-widget-container\">\n\t\t\t\t\t\t\t\t\t<p id=\"isPasted\" data-pm-slice=\"1 1 []\">At lunchtime, take a seat at Aur\u00e9lien&#8217;s at Vins de Dagne, a popular address for epicureans who love authenticity. Situated in the heart of the village of Montlaur (11220), Aur\u00e9lien&#8217;s restaurant promotes short circuits, seasonal produce and the region&#8217;s culinary heritage. On the plate, you&#8217;ll find a taste for the simple things sublimated by the chef&#8217;s creativity, for a festival of flavors.  <\/p><p>Aur\u00e9lien, a graduate of Master Level Sud De France, also boasts an extensive wine list of over 220 references, carefully selected from his travels and encounters with winegrowers. Beautiful decanters are available to accompany dishes, and customers can even leave with a bottle at a producer&#8217;s price. <\/p><p>The restaurant also offers four comfortable and elegant g\u00eetes, perfect for extending the pleasure of a quiet stay in this still-secret part of the Occitanie region.<\/p><p><span style=\"text-decoration: underline;\"><a href=\"https:\/\/vinsdedagne.fr\/\" target=\"_blank\" rel=\"noopener\"><strong>Book a table at Vin de dagne &#8211; restaurant<\/strong><\/a><\/span><\/p>\t\t\t\t\t\t\t\t<\/div>\n\t\t\t\t<\/div>\n\t\t\t\t<div class=\"elementor-element elementor-element-91ef7d2 elementor-widget-divider--view-line elementor-widget elementor-widget-divider\" data-id=\"91ef7d2\" data-element_type=\"widget\" data-e-type=\"widget\" data-widget_type=\"divider.default\">\n\t\t\t\t<div class=\"elementor-widget-container\">\n\t\t\t\t\t\t\t<div class=\"elementor-divider\">\n\t\t\t<span class=\"elementor-divider-separator\">\n\t\t\t\t\t\t<\/span>\n\t\t<\/div>\n\t\t\t\t\t\t<\/div>\n\t\t\t\t<\/div>\n\t\t\t\t<div class=\"elementor-element elementor-element-ccb4f91 elementor-widget elementor-widget-heading\" data-id=\"ccb4f91\" data-element_type=\"widget\" data-e-type=\"widget\" data-widget_type=\"heading.default\">\n\t\t\t\t<div class=\"elementor-widget-container\">\n\t\t\t\t\t<h2 class=\"elementor-heading-title elementor-size-default\">\ud83c\udf47 4. Taste Domaine de Roquen\u00e9gade wines <\/h2>\t\t\t\t<\/div>\n\t\t\t\t<\/div>\n\t\t\t\t<div class=\"elementor-element elementor-element-af095e1 elementor-widget elementor-widget-text-editor\" data-id=\"af095e1\" data-element_type=\"widget\" data-e-type=\"widget\" data-widget_type=\"text-editor.default\">\n\t\t\t\t<div class=\"elementor-widget-container\">\n\t\t\t\t\t\t\t\t\t<p id=\"isPasted\" data-pm-slice=\"1 1 []\">In the afternoon, it&#8217;s off to the vineyards! At Domaine de Roquen\u00e9gade, local Aude grape varieties flourish in sun-drenched soil. The estate, nestled between Carcassonne and Lagrasse, covers some ten hectares of organically farmed land in the heart of the Corbi\u00e8res. The vines benefit from an exceptional terroir, between 200 and 500 meters above sea level, where the Cers wind brings freshness and character to the grapes.   <\/p><p>Clay-limestone soils, red and blue marl and oyster sandstone give the wines remarkable complexity. The faults of the Alaric mountain create natural corridors of freshness that contribute to the finesse of the cuv\u00e9es. The estate is committed to sustainable viticultural practices: hand-picking, agroforestry, natural grassing and sheep grazing.  <\/p><p>Visitors are welcomed for warm, commented tastings, where they can discover AOP Corbi\u00e8res, IGP Aude Val de Dagne and Vin de France wines. A great opportunity to discover a living wine heritage, respectful of the environment and deeply rooted in the Occitan terroir. <\/p><p><span style=\"text-decoration: underline;\"><a href=\"https:\/\/domaine-roquenegade.fr\/\" target=\"_blank\" rel=\"noopener\"><strong>Visit the Domaine de Roquen\u00e9gade website<\/strong><\/a><\/span><\/p>\t\t\t\t\t\t\t\t<\/div>\n\t\t\t\t<\/div>\n\t\t\t\t<div class=\"elementor-element elementor-element-c570b94 elementor-widget-divider--view-line elementor-widget elementor-widget-divider\" data-id=\"c570b94\" data-element_type=\"widget\" data-e-type=\"widget\" data-widget_type=\"divider.default\">\n\t\t\t\t<div class=\"elementor-widget-container\">\n\t\t\t\t\t\t\t<div class=\"elementor-divider\">\n\t\t\t<span class=\"elementor-divider-separator\">\n\t\t\t\t\t\t<\/span>\n\t\t<\/div>\n\t\t\t\t\t\t<\/div>\n\t\t\t\t<\/div>\n\t\t\t\t<div class=\"elementor-element elementor-element-ab1e5b1 elementor-widget elementor-widget-heading\" data-id=\"ab1e5b1\" data-element_type=\"widget\" data-e-type=\"widget\" data-widget_type=\"heading.default\">\n\t\t\t\t<div class=\"elementor-widget-container\">\n\t\t\t\t\t<h2 class=\"elementor-heading-title elementor-size-default\">\ud83c\udf3f 5. Walking on the Alaric ridges <\/h2>\t\t\t\t<\/div>\n\t\t\t\t<\/div>\n\t\t\t\t<div class=\"elementor-element elementor-element-b79447f elementor-widget elementor-widget-text-editor\" data-id=\"b79447f\" data-element_type=\"widget\" data-e-type=\"widget\" data-widget_type=\"text-editor.default\">\n\t\t\t\t<div class=\"elementor-widget-container\">\n\t\t\t\t\t\t\t\t\t<p>Looking for some height? The Montagne d&#8217;Alaric is the place for you. This discreet but majestic range offers superb panoramic views over the Languedoc plain, the Corbi\u00e8res and even the Pyrenees on a clear day. Hiking its crests is a must for lovers of wilderness and silence. Depending on your fitness level, you can opt for a family loop or a long traverse. Mediterranean flora reigns supreme, and the scents of thyme, sage and lavender accompany every step. Don&#8217;t forget your water bottle, your camera&#8230; and keep your eyes wide open.      <\/p>\t\t\t\t\t\t\t\t<\/div>\n\t\t\t\t<\/div>\n\t\t\t\t<div class=\"elementor-element elementor-element-9a0c05c elementor-widget-divider--view-line elementor-widget elementor-widget-divider\" data-id=\"9a0c05c\" data-element_type=\"widget\" data-e-type=\"widget\" data-widget_type=\"divider.default\">\n\t\t\t\t<div class=\"elementor-widget-container\">\n\t\t\t\t\t\t\t<div class=\"elementor-divider\">\n\t\t\t<span class=\"elementor-divider-separator\">\n\t\t\t\t\t\t<\/span>\n\t\t<\/div>\n\t\t\t\t\t\t<\/div>\n\t\t\t\t<\/div>\n\t\t\t\t<div class=\"elementor-element elementor-element-2c9fa7b elementor-widget elementor-widget-heading\" data-id=\"2c9fa7b\" data-element_type=\"widget\" data-e-type=\"widget\" data-widget_type=\"heading.default\">\n\t\t\t\t<div class=\"elementor-widget-container\">\n\t\t\t\t\t<h2 class=\"elementor-heading-title elementor-size-default\">\u270d\ufe0f 6. Follow Joseph Delteil's cultural trail in Villar-en-Val <\/h2>\t\t\t\t<\/div>\n\t\t\t\t<\/div>\n\t\t\t\t<div class=\"elementor-element elementor-element-eb4d8d5 elementor-widget elementor-widget-text-editor\" data-id=\"eb4d8d5\" data-element_type=\"widget\" data-e-type=\"widget\" data-widget_type=\"text-editor.default\">\n\t\t\t\t<div class=\"elementor-widget-container\">\n\t\t\t\t\t\t\t\t\t<p id=\"isPasted\" data-pm-slice=\"1 1 []\">Let&#8217;s switch gears with a literary walk and a moment dedicated to Art. The Joseph Delteil trail, named after the famous writer and poet born in Val de Dagne, offers a walk punctuated by panels, sculptures and fragments of works. It&#8217;s an invitation to see the landscape differently, through the words and imagination of a local boy. A cultural and accessible activity that will appeal to poetry lovers and curious families alike.   <\/p><p>A veritable <strong>open-air<\/strong> museum, the trail crosses the Villar forest, where the artist Joseph Delteil&#8217;s father once made charcoal. The easy, shady walk lasts around two hours and covers 6 km, with a 250-meter gradient. It links several emblematic points, including the Sentier en po\u00e9sie, the Sentier \u00e0 la Dame and the Th\u00e9\u00e2tre de Verdure. A must-see from April, during spring and into autumn, to enjoy nature and the light of the Midi.   <\/p>\t\t\t\t\t\t\t\t<\/div>\n\t\t\t\t<\/div>\n\t\t\t\t<div class=\"elementor-element elementor-element-ce3e532 elementor-widget-divider--view-line elementor-widget elementor-widget-divider\" data-id=\"ce3e532\" data-element_type=\"widget\" data-e-type=\"widget\" data-widget_type=\"divider.default\">\n\t\t\t\t<div class=\"elementor-widget-container\">\n\t\t\t\t\t\t\t<div class=\"elementor-divider\">\n\t\t\t<span class=\"elementor-divider-separator\">\n\t\t\t\t\t\t<\/span>\n\t\t<\/div>\n\t\t\t\t\t\t<\/div>\n\t\t\t\t<\/div>\n\t\t\t\t<div class=\"elementor-element elementor-element-3d39e3d elementor-widget elementor-widget-heading\" data-id=\"3d39e3d\" data-element_type=\"widget\" data-e-type=\"widget\" data-widget_type=\"heading.default\">\n\t\t\t\t<div class=\"elementor-widget-container\">\n\t\t\t\t\t<h2 class=\"elementor-heading-title elementor-size-default\">\ud83d\udc34 7. Go horseback riding with Aliz\u00e9e - La Ferme du Plot <\/h2>\t\t\t\t<\/div>\n\t\t\t\t<\/div>\n\t\t\t\t<div class=\"elementor-element elementor-element-9e90e4a elementor-widget elementor-widget-text-editor\" data-id=\"9e90e4a\" data-element_type=\"widget\" data-e-type=\"widget\" data-widget_type=\"text-editor.default\">\n\t\t\t\t<div class=\"elementor-widget-container\">\n\t\t\t\t\t\t\t\t\t<p id=\"isPasted\" data-pm-slice=\"1 1 []\">To round off the day in style, there&#8217;s nothing like an organized horseback ride with Aliz\u00e9e, a passionate rider and true ambassador for the Val de Dagne. At Ferme du Plot, she offers horseback riding outings in the heart of nature, suitable for all levels. The itinerary winds its way through emblematic sites, wooded ridges, flower-filled clearings and secret paths linking ancient bastides. It&#8217;s a sensory and sporting experience, where you reconnect with the rhythm of the horse, the red earth and the immense sky. Perfect for families, couples or lovers of true emotions.    <\/p><p>The equestrian farm, founded in 1966 by Michel Niemans, is now run by his daughter Aliz\u00e9e. Between Carcassonne and Narbonne, it welcomes you all year round by reservation, for rides lasting from 1 hour to a full day, or 2 to 6-day itinerant tours, including vineyard visits and tastings. Customized tours, adapted to every level of experience, give you the chance to fully immerse yourself in the Cathar region. An unforgettable way to discover the Val de Dagne in a different way, between natural heritage and local know-how.   <\/p><p><span style=\"text-decoration: underline;\"><a href=\"https:\/\/ferme-equestre-du-plo.com\/\"><b>More information on his website<\/b><\/a><\/span><\/p>\t\t\t\t\t\t\t\t<\/div>\n\t\t\t\t<\/div>\n\t\t\t\t<div class=\"elementor-element elementor-element-397d0ad elementor-widget-divider--view-line elementor-widget elementor-widget-divider\" data-id=\"397d0ad\" data-element_type=\"widget\" data-e-type=\"widget\" data-widget_type=\"divider.default\">\n\t\t\t\t<div class=\"elementor-widget-container\">\n\t\t\t\t\t\t\t<div class=\"elementor-divider\">\n\t\t\t<span class=\"elementor-divider-separator\">\n\t\t\t\t\t\t<\/span>\n\t\t<\/div>\n\t\t\t\t\t\t<\/div>\n\t\t\t\t<\/div>\n\t\t\t\t<div class=\"elementor-element elementor-element-2bc5878 elementor-widget elementor-widget-heading\" data-id=\"2bc5878\" data-element_type=\"widget\" data-e-type=\"widget\" data-widget_type=\"heading.default\">\n\t\t\t\t<div class=\"elementor-widget-container\">\n\t\t\t\t\t<h2 class=\"elementor-heading-title elementor-size-default\">Conclusion: A day of nature, culture and know-how in the Val de Dagne\n<\/h2>\t\t\t\t<\/div>\n\t\t\t\t<\/div>\n\t\t\t\t<div class=\"elementor-element elementor-element-6fbc316 elementor-widget elementor-widget-text-editor\" data-id=\"6fbc316\" data-element_type=\"widget\" data-e-type=\"widget\" data-widget_type=\"text-editor.default\">\n\t\t\t\t<div class=\"elementor-widget-container\">\n\t\t\t\t\t\t\t\t\t<p>Planning to go out this Saturday? The Val de Dagne is a little-known nugget in the Aude department. Experience the perfect balance between heritage, terroir and plant immersion.    <\/p><p>Whether you&#8217;re a lover of wine, history or plants, this corner of paradise offers you an authentic and enriching experience. From the narrow streets of Lagrasse to the sensory workshops of Bo\u00e8mia, from the fragrant crests of the Alaric to the gallops of the Ferme du Plot, each activity lets you feel the soul of the region. <\/p><p>\ud83d\udc49 <strong><span style=\"text-decoration: underline;\"><a href=\"https:\/\/www.boemia-aroma.com\/boutique-boemia\/ateliers-aromatherapie\/atelier-decouverte-plantes-sauvages-aude\/\">Reserve your place for Julien&#8217;s next workshop<\/a><\/span> <\/strong> <\/p>\t\t\t\t\t\t\t\t<\/div>\n\t\t\t\t<\/div>\n\t\t\t\t\t<\/div>\n\t\t<\/div>\n\t\t\t\t\t<\/div>\n\t\t<\/section>\n\t\t\t\t<section class=\"elementor-section elementor-top-section elementor-element elementor-element-086dbd1 elementor-section-boxed elementor-section-height-default elementor-section-height-default\" data-id=\"086dbd1\" data-element_type=\"section\" data-e-type=\"section\">\n\t\t\t\t\t\t<div class=\"elementor-container elementor-column-gap-default\">\n\t\t\t\t\t<div class=\"elementor-column elementor-col-100 elementor-top-column elementor-element elementor-element-9bfcea8\" data-id=\"9bfcea8\" data-element_type=\"column\" data-e-type=\"column\">\n\t\t\t<div class=\"elementor-widget-wrap elementor-element-populated\">\n\t\t\t\t\t\t<div class=\"elementor-element elementor-element-8c14d63 elementor-widget-divider--view-line elementor-widget elementor-widget-divider\" data-id=\"8c14d63\" data-element_type=\"widget\" data-e-type=\"widget\" data-widget_type=\"divider.default\">\n\t\t\t\t<div class=\"elementor-widget-container\">\n\t\t\t\t\t\t\t<div class=\"elementor-divider\">\n\t\t\t<span class=\"elementor-divider-separator\">\n\t\t\t\t\t\t<\/span>\n\t\t<\/div>\n\t\t\t\t\t\t<\/div>\n\t\t\t\t<\/div>\n\t\t\t\t\t<\/div>\n\t\t<\/div>\n\t\t\t\t\t<\/div>\n\t\t<\/section>\n\t\t\t\t<section class=\"elementor-section elementor-top-section elementor-element elementor-element-a35410a elementor-section-boxed elementor-section-height-default elementor-section-height-default\" data-id=\"a35410a\" data-element_type=\"section\" data-e-type=\"section\">\n\t\t\t\t\t\t<div class=\"elementor-container elementor-column-gap-default\">\n\t\t\t\t\t<div class=\"elementor-column elementor-col-100 elementor-top-column elementor-element elementor-element-937c429\" data-id=\"937c429\" data-element_type=\"column\" data-e-type=\"column\">\n\t\t\t<div class=\"elementor-widget-wrap elementor-element-populated\">\n\t\t\t\t\t\t<div class=\"elementor-element elementor-element-41da42e elementor-widget elementor-widget-heading\" data-id=\"41da42e\" data-element_type=\"widget\" data-e-type=\"widget\" data-widget_type=\"heading.default\">\n\t\t\t\t<div class=\"elementor-widget-container\">\n\t\t\t\t\t<h2 class=\"elementor-heading-title elementor-size-default\">FAQ - Everything you need to know about your day out in the Val de Dagne<\/h2>\t\t\t\t<\/div>\n\t\t\t\t<\/div>\n\t\t\t\t\t<\/div>\n\t\t<\/div>\n\t\t\t\t\t<\/div>\n\t\t<\/section>\n\t\t\t\t<section class=\"elementor-section elementor-top-section elementor-element elementor-element-abf1bea elementor-section-boxed elementor-section-height-default elementor-section-height-default\" data-id=\"abf1bea\" data-element_type=\"section\" data-e-type=\"section\">\n\t\t\t\t\t\t<div class=\"elementor-container elementor-column-gap-default\">\n\t\t\t\t\t<div class=\"elementor-column elementor-col-100 elementor-top-column elementor-element elementor-element-4e30b8b\" data-id=\"4e30b8b\" data-element_type=\"column\" data-e-type=\"column\">\n\t\t\t<div class=\"elementor-widget-wrap elementor-element-populated\">\n\t\t\t\t\t\t<div class=\"elementor-element elementor-element-25f2978 elementor-widget elementor-widget-heading\" data-id=\"25f2978\" data-element_type=\"widget\" data-e-type=\"widget\" data-widget_type=\"heading.default\">\n\t\t\t\t<div class=\"elementor-widget-container\">\n\t\t\t\t\t<h3 class=\"elementor-heading-title elementor-size-default\">When is the best time to discover Val de Dagne?\n<\/h3>\t\t\t\t<\/div>\n\t\t\t\t<\/div>\n\t\t\t\t<div class=\"elementor-element elementor-element-32910eb elementor-widget elementor-widget-text-editor\" data-id=\"32910eb\" data-element_type=\"widget\" data-e-type=\"widget\" data-widget_type=\"text-editor.default\">\n\t\t\t\t<div class=\"elementor-widget-container\">\n\t\t\t\t\t\t\t\t\t<p data-start=\"395\" data-end=\"1014\">If you had to choose, <strong data-start=\"487\" data-end=\"500\">September<\/strong> is an ideal time: the light is mild, the <strong data-start=\"552\" data-end=\"562\">roads<\/strong> are quiet, the <strong data-start=\"583\" data-end=\"594\">markets<\/strong> are still in full swing, and there are plenty of <strong data-start=\"626\" data-end=\"641\">exhibitions<\/strong> and <strong data-start=\"645\" data-end=\"659\">events<\/strong> on offer, particularly in emblematic places like Lagrasse or around <strong data-start=\"751\" data-end=\"765\">Fontfroide<\/strong>. But the <strong data-start=\"775\" data-end=\"786\" data-is-only-node=\"&gt;secteur&lt;\/strong&gt; est vivant toute l\u2019&lt;strong data-start=\">year<\/strong>: you can come in <strong data-start=\"837\" data-end=\"848\">July<\/strong> for a <strong data-start=\"857\" data-end=\"869\">festival<\/strong>, on a wintry <strong data-start=\"874\" data-end=\"886\">Sunday<\/strong> for a solitary stroll, or at the height of the <strong data-start=\"936\" data-end=\"958\">tourist season<\/strong> to discover the highlights of <strong data-start=\"993\" data-end=\"1013\">southern France<\/strong>. <\/p>\t\t\t\t\t\t\t\t<\/div>\n\t\t\t\t<\/div>\n\t\t\t\t<div class=\"elementor-element elementor-element-cde467b elementor-widget elementor-widget-heading\" data-id=\"cde467b\" data-element_type=\"widget\" data-e-type=\"widget\" data-widget_type=\"heading.default\">\n\t\t\t\t<div class=\"elementor-widget-container\">\n\t\t\t\t\t<h3 class=\"elementor-heading-title elementor-size-default\">How to get to Val de Dagne\n<\/h3>\t\t\t\t<\/div>\n\t\t\t\t<\/div>\n\t\t\t\t<div class=\"elementor-element elementor-element-a08ed8b elementor-widget elementor-widget-text-editor\" data-id=\"a08ed8b\" data-element_type=\"widget\" data-e-type=\"widget\" data-widget_type=\"text-editor.default\">\n\t\t\t\t<div class=\"elementor-widget-container\">\n\t\t\t\t\t\t\t\t\t<p data-start=\"533\" data-end=\"676\"><strong data-start=\"1066\" data-end=\"1082\">Val de Dagne<\/strong> is located in the heart of the <strong data-start=\"1142\" data-end=\"1167\">Aude department<\/strong>. From the<strong data-start=\"1178\" data-end=\"1195\">A61 freeway<\/strong>, take the <strong data-start=\"1204\" data-end=\"1223\">Carcassonne-Est<\/strong> exit, then follow <strong data-start=\"1235\" data-end=\"1259\" data-is-only-node=\"&gt;route d\u00e9partementale&lt;\/strong&gt; en direction de &lt;strong data-start=\">Montlaur<\/strong> or <strong data-start=\"1292\" data-end=\"1304\">Lagrasse<\/strong>. The area is well served and easy to find. Be sure to <strong data-start=\"1584\" data-end=\"1597\">respect<\/strong> the tranquility of the area: here, you drive at the right <strong data-start=\"1651\" data-end=\"1662\">speed<\/strong>, and take your time.   <\/p>\t\t\t\t\t\t\t\t<\/div>\n\t\t\t\t<\/div>\n\t\t\t\t<div class=\"elementor-element elementor-element-5b3c8c6 elementor-widget elementor-widget-heading\" data-id=\"5b3c8c6\" data-element_type=\"widget\" data-e-type=\"widget\" data-widget_type=\"heading.default\">\n\t\t\t\t<div class=\"elementor-widget-container\">\n\t\t\t\t\t<h3 class=\"elementor-heading-title elementor-size-default\">Other ideas for outings in the Aude?<\/h3>\t\t\t\t<\/div>\n\t\t\t\t<\/div>\n\t\t\t\t<div class=\"elementor-element elementor-element-c670347 elementor-widget elementor-widget-text-editor\" data-id=\"c670347\" data-element_type=\"widget\" data-e-type=\"widget\" data-widget_type=\"text-editor.default\">\n\t\t\t\t<div class=\"elementor-widget-container\">\n\t\t\t\t\t\t\t\t\t<p data-start=\"963\" data-end=\"1147\">Yes, of course! As well as the <strong data-start=\"1763\" data-end=\"1779\">Val de Dagne<\/strong>, the<strong data-start=\"1783\" data-end=\"1791\">Aude<\/strong> is packed with <strong data-start=\"1803\" data-end=\"1827\">historic villages<\/strong>, fascinating <strong data-start=\"1832\" data-end=\"1842\">museums<\/strong> (such as the <strong data-start=\"1866\" data-end=\"1894\">Montolieu<\/strong> book village, the <strong data-start=\"1899\" data-end=\"1930\">Narbonne museum<\/strong>, or the sites of<strong data-start=\"1947\" data-end=\"1961\" data-is-only-node=\"&gt;exposition&lt;\/strong&gt; de Rennes-le-Ch\u00e2teau), et de sites majeurs comme la &lt;strong data-start=\">Saint-Nazaire cathedral<\/strong>,<strong data-start=\"2046\" data-end=\"2070\">Saint-Vincent church<\/strong>, or the shores of the <strong data-start=\"2091\" data-end=\"2107\">Mediterranean<\/strong>. You can also follow <g id=\"gid_9\">events live<\/g> via the<g id=\"gid_10\">official<\/g> informatpages of the department or your favorite local <g id=\"gid_11\">association<\/g>. And for an original idea for a day out, take a look at our <strong data-start=\"2321\" data-end=\"2329\">blog<\/strong> to discover other <strong data-start=\"2362\" data-end=\"2375\">free<\/strong>, family-friendly or unusual events just around the corner.   <\/p>\t\t\t\t\t\t\t\t<\/div>\n\t\t\t\t<\/div>\n\t\t\t\t<div class=\"elementor-element elementor-element-020c979 elementor-widget elementor-widget-text-editor\" data-id=\"020c979\" data-element_type=\"widget\" data-e-type=\"widget\" data-widget_type=\"text-editor.default\">\n\t\t\t\t<div class=\"elementor-widget-container\">\n\t\t\t\t\t\t\t\t\t<p data-start=\"3717\" data-end=\"3755\">Blog post<\/p>\t\t\t\t\t\t\t\t<\/div>\n\t\t\t\t<\/div>\n\t\t\t\t\t<\/div>\n\t\t<\/div>\n\t\t\t\t\t<\/div>\n\t\t<\/section>\n\t\t\t\t<\/div>\n\t\t","protected":false},"excerpt":{"rendered":"<p>Lorem anet ras et diam ac &#8211; nunc urna magna porttitor eu laoreet aliquam.<\/p>\n","protected":false},"author":1510,"featured_media":19863,"comment_status":"closed","ping_status":"closed","sticky":false,"template":"","format":"standard","meta":{"_acf_changed":false,"footnotes":""},"categories":[],"tags":[],"class_list":["post-19861","post","type-post","status-publish","format-standard","has-post-thumbnail","hentry"],"acf":[],"yoast_head":"<!-- This site is optimized with the Yoast SEO plugin v27.4 - https:\/\/yoast.com\/product\/yoast-seo-wordpress\/ -->\n<title>Nature outings in the Aude: 3 magical ideas for today<\/title>\n<meta name=\"description\" content=\"Want to get away from it all today in the Aude? Explore the secrets of the Val de Dagne: walks, wild plants &amp; sensory experiences.\" \/>\n<meta name=\"robots\" content=\"index, follow, max-snippet:-1, max-image-preview:large, max-video-preview:-1\" \/>\n<link rel=\"canonical\" href=\"https:\/\/www.boemia-aroma.com\/en\/what-to-do-today-in-the-aude-6-unforgettable-ideas-around-the-val-de-dagne\/\" \/>\n<meta property=\"og:locale\" content=\"en_US\" \/>\n<meta property=\"og:type\" content=\"article\" \/>\n<meta property=\"og:title\" content=\"Nature outings in the Aude: 3 magical ideas for today\" \/>\n<meta property=\"og:description\" content=\"Want to get away from it all today in the Aude? Explore the secrets of the Val de Dagne: walks, wild plants &amp; sensory experiences.\" \/>\n<meta property=\"og:url\" content=\"https:\/\/www.boemia-aroma.com\/en\/what-to-do-today-in-the-aude-6-unforgettable-ideas-around-the-val-de-dagne\/\" \/>\n<meta property=\"og:site_name\" content=\"Bo\u00e8mia Aroma\" \/>\n<meta property=\"article:published_time\" content=\"2025-08-08T09:27:07+00:00\" \/>\n<meta property=\"article:modified_time\" content=\"2025-11-07T12:41:14+00:00\" \/>\n<meta property=\"og:image\" content=\"https:\/\/www.boemia-aroma.com\/wp-content\/uploads\/2025\/05\/Lagrasse.jpg\" \/>\n\t<meta property=\"og:image:width\" content=\"1600\" \/>\n\t<meta property=\"og:image:height\" content=\"900\" \/>\n\t<meta property=\"og:image:type\" content=\"image\/jpeg\" \/>\n<meta name=\"author\" content=\"Camille Comet - Docteur en pharmacie\" \/>\n<meta name=\"twitter:card\" content=\"summary_large_image\" \/>\n<meta name=\"twitter:label1\" content=\"Written by\" \/>\n\t<meta name=\"twitter:data1\" content=\"Camille Comet - Docteur en pharmacie\" \/>\n\t<meta name=\"twitter:label2\" content=\"Est. reading time\" \/>\n\t<meta name=\"twitter:data2\" content=\"7 minutes\" \/>\n<script type=\"application\/ld+json\" class=\"yoast-schema-graph\">{\"@context\":\"https:\\\/\\\/schema.org\",\"@graph\":[{\"@type\":\"Article\",\"@id\":\"https:\\\/\\\/www.boemia-aroma.com\\\/en\\\/what-to-do-today-in-the-aude-6-unforgettable-ideas-around-the-val-de-dagne\\\/#article\",\"isPartOf\":{\"@id\":\"https:\\\/\\\/www.boemia-aroma.com\\\/en\\\/what-to-do-today-in-the-aude-6-unforgettable-ideas-around-the-val-de-dagne\\\/\"},\"author\":{\"name\":\"Camille Comet - Docteur en pharmacie\",\"@id\":\"https:\\\/\\\/www.boemia-aroma.com\\\/en\\\/#\\\/schema\\\/person\\\/8ccbe51cbcd2f3519428e55f74355690\"},\"headline\":\"What to do today in the Aude? 6 unforgettable ideas around the Val de Dagne\",\"datePublished\":\"2025-08-08T09:27:07+00:00\",\"dateModified\":\"2025-11-07T12:41:14+00:00\",\"mainEntityOfPage\":{\"@id\":\"https:\\\/\\\/www.boemia-aroma.com\\\/en\\\/what-to-do-today-in-the-aude-6-unforgettable-ideas-around-the-val-de-dagne\\\/\"},\"wordCount\":1516,\"publisher\":{\"@id\":\"https:\\\/\\\/www.boemia-aroma.com\\\/en\\\/#organization\"},\"image\":{\"@id\":\"https:\\\/\\\/www.boemia-aroma.com\\\/en\\\/what-to-do-today-in-the-aude-6-unforgettable-ideas-around-the-val-de-dagne\\\/#primaryimage\"},\"thumbnailUrl\":\"https:\\\/\\\/www.boemia-aroma.com\\\/wp-content\\\/uploads\\\/2025\\\/05\\\/Lagrasse.jpg\",\"inLanguage\":\"en-US\"},{\"@type\":\"WebPage\",\"@id\":\"https:\\\/\\\/www.boemia-aroma.com\\\/en\\\/what-to-do-today-in-the-aude-6-unforgettable-ideas-around-the-val-de-dagne\\\/\",\"url\":\"https:\\\/\\\/www.boemia-aroma.com\\\/en\\\/what-to-do-today-in-the-aude-6-unforgettable-ideas-around-the-val-de-dagne\\\/\",\"name\":\"Nature outings in the Aude: 3 magical ideas for today\",\"isPartOf\":{\"@id\":\"https:\\\/\\\/www.boemia-aroma.com\\\/en\\\/#website\"},\"primaryImageOfPage\":{\"@id\":\"https:\\\/\\\/www.boemia-aroma.com\\\/en\\\/what-to-do-today-in-the-aude-6-unforgettable-ideas-around-the-val-de-dagne\\\/#primaryimage\"},\"image\":{\"@id\":\"https:\\\/\\\/www.boemia-aroma.com\\\/en\\\/what-to-do-today-in-the-aude-6-unforgettable-ideas-around-the-val-de-dagne\\\/#primaryimage\"},\"thumbnailUrl\":\"https:\\\/\\\/www.boemia-aroma.com\\\/wp-content\\\/uploads\\\/2025\\\/05\\\/Lagrasse.jpg\",\"datePublished\":\"2025-08-08T09:27:07+00:00\",\"dateModified\":\"2025-11-07T12:41:14+00:00\",\"description\":\"Want to get away from it all today in the Aude? Explore the secrets of the Val de Dagne: walks, wild plants & sensory experiences.\",\"breadcrumb\":{\"@id\":\"https:\\\/\\\/www.boemia-aroma.com\\\/en\\\/what-to-do-today-in-the-aude-6-unforgettable-ideas-around-the-val-de-dagne\\\/#breadcrumb\"},\"inLanguage\":\"en-US\",\"potentialAction\":[{\"@type\":\"ReadAction\",\"target\":[\"https:\\\/\\\/www.boemia-aroma.com\\\/en\\\/what-to-do-today-in-the-aude-6-unforgettable-ideas-around-the-val-de-dagne\\\/\"]}]},{\"@type\":\"ImageObject\",\"inLanguage\":\"en-US\",\"@id\":\"https:\\\/\\\/www.boemia-aroma.com\\\/en\\\/what-to-do-today-in-the-aude-6-unforgettable-ideas-around-the-val-de-dagne\\\/#primaryimage\",\"url\":\"https:\\\/\\\/www.boemia-aroma.com\\\/wp-content\\\/uploads\\\/2025\\\/05\\\/Lagrasse.jpg\",\"contentUrl\":\"https:\\\/\\\/www.boemia-aroma.com\\\/wp-content\\\/uploads\\\/2025\\\/05\\\/Lagrasse.jpg\",\"width\":1600,\"height\":900},{\"@type\":\"BreadcrumbList\",\"@id\":\"https:\\\/\\\/www.boemia-aroma.com\\\/en\\\/what-to-do-today-in-the-aude-6-unforgettable-ideas-around-the-val-de-dagne\\\/#breadcrumb\",\"itemListElement\":[{\"@type\":\"ListItem\",\"position\":1,\"name\":\"Home\",\"item\":\"https:\\\/\\\/www.boemia-aroma.com\\\/en\\\/\"},{\"@type\":\"ListItem\",\"position\":2,\"name\":\"What to do today in the Aude? 6 unforgettable ideas around the Val de Dagne\"}]},{\"@type\":\"WebSite\",\"@id\":\"https:\\\/\\\/www.boemia-aroma.com\\\/en\\\/#website\",\"url\":\"https:\\\/\\\/www.boemia-aroma.com\\\/en\\\/\",\"name\":\"Bo\u00e8mia Aroma\",\"description\":\"\",\"publisher\":{\"@id\":\"https:\\\/\\\/www.boemia-aroma.com\\\/en\\\/#organization\"},\"alternateName\":\"Bo\u00e8mia Aroma\",\"potentialAction\":[{\"@type\":\"SearchAction\",\"target\":{\"@type\":\"EntryPoint\",\"urlTemplate\":\"https:\\\/\\\/www.boemia-aroma.com\\\/en\\\/?s={search_term_string}\"},\"query-input\":{\"@type\":\"PropertyValueSpecification\",\"valueRequired\":true,\"valueName\":\"search_term_string\"}}],\"inLanguage\":\"en-US\"},{\"@type\":\"Organization\",\"@id\":\"https:\\\/\\\/www.boemia-aroma.com\\\/en\\\/#organization\",\"name\":\"Bo\u00e8mia Aroma\",\"url\":\"https:\\\/\\\/www.boemia-aroma.com\\\/en\\\/\",\"logo\":{\"@type\":\"ImageObject\",\"inLanguage\":\"en-US\",\"@id\":\"https:\\\/\\\/www.boemia-aroma.com\\\/en\\\/#\\\/schema\\\/logo\\\/image\\\/\",\"url\":\"https:\\\/\\\/www.boemia-aroma.com\\\/wp-content\\\/uploads\\\/2023\\\/07\\\/logo-boemia-aroma.png\",\"contentUrl\":\"https:\\\/\\\/www.boemia-aroma.com\\\/wp-content\\\/uploads\\\/2023\\\/07\\\/logo-boemia-aroma.png\",\"width\":300,\"height\":176,\"caption\":\"Bo\u00e8mia Aroma\"},\"image\":{\"@id\":\"https:\\\/\\\/www.boemia-aroma.com\\\/en\\\/#\\\/schema\\\/logo\\\/image\\\/\"}},{\"@type\":\"Person\",\"@id\":\"https:\\\/\\\/www.boemia-aroma.com\\\/en\\\/#\\\/schema\\\/person\\\/8ccbe51cbcd2f3519428e55f74355690\",\"name\":\"Camille Comet - Docteur en pharmacie\",\"url\":\"https:\\\/\\\/www.boemia-aroma.com\\\/en\\\/author\\\/camille\\\/\"}]}<\/script>\n<!-- \/ Yoast SEO plugin. -->","yoast_head_json":{"title":"Nature outings in the Aude: 3 magical ideas for today","description":"Want to get away from it all today in the Aude? Explore the secrets of the Val de Dagne: walks, wild plants & sensory experiences.","robots":{"index":"index","follow":"follow","max-snippet":"max-snippet:-1","max-image-preview":"max-image-preview:large","max-video-preview":"max-video-preview:-1"},"canonical":"https:\/\/www.boemia-aroma.com\/en\/what-to-do-today-in-the-aude-6-unforgettable-ideas-around-the-val-de-dagne\/","og_locale":"en_US","og_type":"article","og_title":"Nature outings in the Aude: 3 magical ideas for today","og_description":"Want to get away from it all today in the Aude? Explore the secrets of the Val de Dagne: walks, wild plants & sensory experiences.","og_url":"https:\/\/www.boemia-aroma.com\/en\/what-to-do-today-in-the-aude-6-unforgettable-ideas-around-the-val-de-dagne\/","og_site_name":"Bo\u00e8mia Aroma","article_published_time":"2025-08-08T09:27:07+00:00","article_modified_time":"2025-11-07T12:41:14+00:00","og_image":[{"width":1600,"height":900,"url":"https:\/\/www.boemia-aroma.com\/wp-content\/uploads\/2025\/05\/Lagrasse.jpg","type":"image\/jpeg"}],"author":"Camille Comet - Docteur en pharmacie","twitter_card":"summary_large_image","twitter_misc":{"Written by":"Camille Comet - Docteur en pharmacie","Est. reading time":"7 minutes"},"schema":{"@context":"https:\/\/schema.org","@graph":[{"@type":"Article","@id":"https:\/\/www.boemia-aroma.com\/en\/what-to-do-today-in-the-aude-6-unforgettable-ideas-around-the-val-de-dagne\/#article","isPartOf":{"@id":"https:\/\/www.boemia-aroma.com\/en\/what-to-do-today-in-the-aude-6-unforgettable-ideas-around-the-val-de-dagne\/"},"author":{"name":"Camille Comet - Docteur en pharmacie","@id":"https:\/\/www.boemia-aroma.com\/en\/#\/schema\/person\/8ccbe51cbcd2f3519428e55f74355690"},"headline":"What to do today in the Aude? 6 unforgettable ideas around the Val de Dagne","datePublished":"2025-08-08T09:27:07+00:00","dateModified":"2025-11-07T12:41:14+00:00","mainEntityOfPage":{"@id":"https:\/\/www.boemia-aroma.com\/en\/what-to-do-today-in-the-aude-6-unforgettable-ideas-around-the-val-de-dagne\/"},"wordCount":1516,"publisher":{"@id":"https:\/\/www.boemia-aroma.com\/en\/#organization"},"image":{"@id":"https:\/\/www.boemia-aroma.com\/en\/what-to-do-today-in-the-aude-6-unforgettable-ideas-around-the-val-de-dagne\/#primaryimage"},"thumbnailUrl":"https:\/\/www.boemia-aroma.com\/wp-content\/uploads\/2025\/05\/Lagrasse.jpg","inLanguage":"en-US"},{"@type":"WebPage","@id":"https:\/\/www.boemia-aroma.com\/en\/what-to-do-today-in-the-aude-6-unforgettable-ideas-around-the-val-de-dagne\/","url":"https:\/\/www.boemia-aroma.com\/en\/what-to-do-today-in-the-aude-6-unforgettable-ideas-around-the-val-de-dagne\/","name":"Nature outings in the Aude: 3 magical ideas for today","isPartOf":{"@id":"https:\/\/www.boemia-aroma.com\/en\/#website"},"primaryImageOfPage":{"@id":"https:\/\/www.boemia-aroma.com\/en\/what-to-do-today-in-the-aude-6-unforgettable-ideas-around-the-val-de-dagne\/#primaryimage"},"image":{"@id":"https:\/\/www.boemia-aroma.com\/en\/what-to-do-today-in-the-aude-6-unforgettable-ideas-around-the-val-de-dagne\/#primaryimage"},"thumbnailUrl":"https:\/\/www.boemia-aroma.com\/wp-content\/uploads\/2025\/05\/Lagrasse.jpg","datePublished":"2025-08-08T09:27:07+00:00","dateModified":"2025-11-07T12:41:14+00:00","description":"Want to get away from it all today in the Aude? Explore the secrets of the Val de Dagne: walks, wild plants & sensory experiences.","breadcrumb":{"@id":"https:\/\/www.boemia-aroma.com\/en\/what-to-do-today-in-the-aude-6-unforgettable-ideas-around-the-val-de-dagne\/#breadcrumb"},"inLanguage":"en-US","potentialAction":[{"@type":"ReadAction","target":["https:\/\/www.boemia-aroma.com\/en\/what-to-do-today-in-the-aude-6-unforgettable-ideas-around-the-val-de-dagne\/"]}]},{"@type":"ImageObject","inLanguage":"en-US","@id":"https:\/\/www.boemia-aroma.com\/en\/what-to-do-today-in-the-aude-6-unforgettable-ideas-around-the-val-de-dagne\/#primaryimage","url":"https:\/\/www.boemia-aroma.com\/wp-content\/uploads\/2025\/05\/Lagrasse.jpg","contentUrl":"https:\/\/www.boemia-aroma.com\/wp-content\/uploads\/2025\/05\/Lagrasse.jpg","width":1600,"height":900},{"@type":"BreadcrumbList","@id":"https:\/\/www.boemia-aroma.com\/en\/what-to-do-today-in-the-aude-6-unforgettable-ideas-around-the-val-de-dagne\/#breadcrumb","itemListElement":[{"@type":"ListItem","position":1,"name":"Home","item":"https:\/\/www.boemia-aroma.com\/en\/"},{"@type":"ListItem","position":2,"name":"What to do today in the Aude? 6 unforgettable ideas around the Val de Dagne"}]},{"@type":"WebSite","@id":"https:\/\/www.boemia-aroma.com\/en\/#website","url":"https:\/\/www.boemia-aroma.com\/en\/","name":"Bo\u00e8mia Aroma","description":"","publisher":{"@id":"https:\/\/www.boemia-aroma.com\/en\/#organization"},"alternateName":"Bo\u00e8mia Aroma","potentialAction":[{"@type":"SearchAction","target":{"@type":"EntryPoint","urlTemplate":"https:\/\/www.boemia-aroma.com\/en\/?s={search_term_string}"},"query-input":{"@type":"PropertyValueSpecification","valueRequired":true,"valueName":"search_term_string"}}],"inLanguage":"en-US"},{"@type":"Organization","@id":"https:\/\/www.boemia-aroma.com\/en\/#organization","name":"Bo\u00e8mia Aroma","url":"https:\/\/www.boemia-aroma.com\/en\/","logo":{"@type":"ImageObject","inLanguage":"en-US","@id":"https:\/\/www.boemia-aroma.com\/en\/#\/schema\/logo\/image\/","url":"https:\/\/www.boemia-aroma.com\/wp-content\/uploads\/2023\/07\/logo-boemia-aroma.png","contentUrl":"https:\/\/www.boemia-aroma.com\/wp-content\/uploads\/2023\/07\/logo-boemia-aroma.png","width":300,"height":176,"caption":"Bo\u00e8mia Aroma"},"image":{"@id":"https:\/\/www.boemia-aroma.com\/en\/#\/schema\/logo\/image\/"}},{"@type":"Person","@id":"https:\/\/www.boemia-aroma.com\/en\/#\/schema\/person\/8ccbe51cbcd2f3519428e55f74355690","name":"Camille Comet - Docteur en pharmacie","url":"https:\/\/www.boemia-aroma.com\/en\/author\/camille\/"}]}},"_links":{"self":[{"href":"https:\/\/www.boemia-aroma.com\/en\/wp-json\/wp\/v2\/posts\/19861","targetHints":{"allow":["GET"]}}],"collection":[{"href":"https:\/\/www.boemia-aroma.com\/en\/wp-json\/wp\/v2\/posts"}],"about":[{"href":"https:\/\/www.boemia-aroma.com\/en\/wp-json\/wp\/v2\/types\/post"}],"author":[{"embeddable":true,"href":"https:\/\/www.boemia-aroma.com\/en\/wp-json\/wp\/v2\/users\/1510"}],"replies":[{"embeddable":true,"href":"https:\/\/www.boemia-aroma.com\/en\/wp-json\/wp\/v2\/comments?post=19861"}],"version-history":[{"count":0,"href":"https:\/\/www.boemia-aroma.com\/en\/wp-json\/wp\/v2\/posts\/19861\/revisions"}],"wp:featuredmedia":[{"embeddable":true,"href":"https:\/\/www.boemia-aroma.com\/en\/wp-json\/wp\/v2\/media\/19863"}],"wp:attachment":[{"href":"https:\/\/www.boemia-aroma.com\/en\/wp-json\/wp\/v2\/media?parent=19861"}],"wp:term":[{"taxonomy":"category","embeddable":true,"href":"https:\/\/www.boemia-aroma.com\/en\/wp-json\/wp\/v2\/categories?post=19861"},{"taxonomy":"post_tag","embeddable":true,"href":"https:\/\/www.boemia-aroma.com\/en\/wp-json\/wp\/v2\/tags?post=19861"}],"curies":[{"name":"wp","href":"https:\/\/api.w.org\/{rel}","templated":true}]}}